{"id":1858,"date":"2021-03-03T12:27:53","date_gmt":"2021-03-03T12:27:53","guid":{"rendered":"https:\/\/jkpvisoko.ba\/?p=1858"},"modified":"2021-03-03T12:27:53","modified_gmt":"2021-03-03T12:27:53","slug":"u-cetvrtak-4-3-2021-g-pocinje-preventivna-dezinfekcija-u-svim-zgradama-na-podrucju-grada-visoko","status":"publish","type":"post","link":"https:\/\/jkpvisoko.ba\/?p=1858","title":{"rendered":"U \u010detvrtak (4.3.2021.g) po\u010dinje preventivna dezinfekcija u svim zgradama na podru\u010dju grada Visoko"},"content":{"rendered":"<p>Usljed pogor\u0161anja epidemiolo\u0161ke situacije u gradu Visoko, te po preporuci Civilne za\u0161tite Grada Visoko, <strong>JKP \u201cVISOKO\u201c d.o.o. Visoko, <\/strong>odnosno <strong>Slu\u017eba za poslove stambenog upraviteljstva i odr\u017eavanje objekata <\/strong>realizovat \u0107e preventivnu dezinfekciju u svim zgradama na podru\u010dju grada Visoko, iz razloga \u0161to je u pojedinim zgradama pove\u0107an broj oboljelih.<\/p>\n<p>Realizacija preventivne dezinfekcije u svim zgradama na podru\u010dju grada Visoko po\u010dinje <strong>u \u010detvrtak (4.3.2021.g).<\/strong><\/p>\n<p>Radove na preventivnoj dezinfekciji izvr\u0161it \u0107e firma<strong> Ekocijan d.o.o. Sarajevo.<\/strong><\/p>\n<p>U svim zgradama na podru\u010dju grada Visoko izvr\u0161it \u0107e se preventivna dezinfekcija sljede\u0107ih prostorija: <strong>zajedni\u010dke prostorije<\/strong> (stubi\u0161ta, zidovi, patosi i ograde), <strong>podrumske prostorije, gara\u017ee u sklopu stambenih zgrada<\/strong>, <strong>poslovni prostori i prostor oko zgrada.<\/strong><\/p>\n<p>Realizacija\u00a0 preventivne dezinfekcije ima za cilj sa\u010duvati zdravlje ljudi, te svesti na minimum mogu\u0107nost <strong>\u0161irenja koronavirusa<\/strong><strong> (COVID-19)<\/strong> me\u0111u stanovni\u0161tvom u na\u0161em Gradu.<\/p>\n<h2 style=\"text-align: center;\"><strong><em>Unaprijed se zahvaljujemo na razumijevanju i saradnji!<\/em><\/strong><\/h2>\n<h4 style=\"text-align: center;\"><em><strong>Slu\u017eba za poslove stambenog upraviteljstva i odr\u017eavanje objekata<\/strong><\/em><\/h4>\n<h3 style=\"text-align: center;\"><strong>JKP \u201cVISOKO\u201c d.o.o. Visoko<\/strong><\/h3>\n<p>&nbsp;<\/p>\n<p><strong>\u00a0<\/strong><\/p>\n<p><em><strong>\u00a0<\/strong><\/em><\/p>\n<p><strong><em>\u00a0<\/em><\/strong><\/p>\n","protected":false},"excerpt":{"rendered":"<p>Usljed pogor\u0161anja epidemiolo\u0161ke situacije u gradu Visoko, te po preporuci Civilne za\u0161tite Grada Visoko, JKP \u201cVISOKO\u201c d.o.o. Visoko, odnosno Slu\u017eba za poslove stambenog upraviteljstva i odr\u017eavanje objekata realizovat \u0107e preventivnu dezinfekciju u svim zgradama na podru\u010dju grada Visoko, iz razloga \u0161to je u pojedinim zgradama pove\u0107an broj oboljelih. Realizacija preventivne dezinfekcije u svim zgradama na [&hellip;]<\/p>\n","protected":false},"author":2,"featured_media":1857,"comment_status":"open","ping_status":"open","sticky":true,"template":"","format":"standard","meta":{"content-type":"","footnotes":""},"categories":[6],"tags":[],"class_list":["post-1858","post","type-post","status-publish","format-standard","has-post-thumbnail","hentry","category-vijesti"],"yoast_head":"<!-- This site is optimized with the Yoast SEO plugin v22.3 - https:\/\/yoast.com\/wordpress\/plugins\/seo\/ -->\n<title>U \u010detvrtak (4.3.2021.g) po\u010dinje preventivna dezinfekcija u svim zgradama na podru\u010dju grada Visoko - JKP Visoko<\/title>\n<meta name=\"robots\" content=\"index, follow, max-snippet:-1, max-image-preview:large, max-video-preview:-1\" \/>\n<link rel=\"canonical\" href=\"https:\/\/jkpvisoko.ba\/?p=1858\" \/>\n<meta property=\"og:locale\" content=\"bs_BA\" \/>\n<meta property=\"og:type\" content=\"article\" \/>\n<meta property=\"og:title\" content=\"U \u010detvrtak (4.3.2021.g) po\u010dinje preventivna dezinfekcija u svim zgradama na podru\u010dju grada Visoko - JKP Visoko\" \/>\n<meta property=\"og:description\" content=\"Usljed pogor\u0161anja epidemiolo\u0161ke situacije u gradu Visoko, te po preporuci Civilne za\u0161tite Grada Visoko, JKP \u201cVISOKO\u201c d.o.o. Visoko, odnosno Slu\u017eba za poslove stambenog upraviteljstva i odr\u017eavanje objekata realizovat \u0107e preventivnu dezinfekciju u svim zgradama na podru\u010dju grada Visoko, iz razloga \u0161to je u pojedinim zgradama pove\u0107an broj oboljelih. Realizacija preventivne dezinfekcije u svim zgradama na [&hellip;]\" \/>\n<meta property=\"og:url\" content=\"https:\/\/jkpvisoko.ba\/?p=1858\" \/>\n<meta property=\"og:site_name\" content=\"JKP Visoko\" \/>\n<meta property=\"article:published_time\" content=\"2021-03-03T12:27:53+00:00\" \/>\n<meta property=\"og:image\" content=\"https:\/\/jkpvisoko.ba\/wp-content\/uploads\/2021\/03\/Dezinfekcija-e1614767464806.jpg\" \/>\n\t<meta property=\"og:image:width\" content=\"1342\" \/>\n\t<meta property=\"og:image:height\" content=\"909\" \/>\n\t<meta property=\"og:image:type\" content=\"image\/jpeg\" \/>\n<meta name=\"author\" content=\"admin\" \/>\n<meta name=\"twitter:card\" content=\"summary_large_image\" \/>\n<meta name=\"twitter:label1\" content=\"Written by\" \/>\n\t<meta name=\"twitter:data1\" content=\"admin\" \/>\n\t<meta name=\"twitter:label2\" content=\"Est. reading time\" \/>\n\t<meta name=\"twitter:data2\" content=\"1 minuta\" \/>\n<script type=\"application\/ld+json\" class=\"yoast-schema-graph\">{\"@context\":\"https:\/\/schema.org\",\"@graph\":[{\"@type\":\"WebPage\",\"@id\":\"https:\/\/jkpvisoko.ba\/?p=1858\",\"url\":\"https:\/\/jkpvisoko.ba\/?p=1858\",\"name\":\"U \u010detvrtak (4.3.2021.g) po\u010dinje preventivna dezinfekcija u svim zgradama na podru\u010dju grada Visoko - JKP Visoko\",\"isPartOf\":{\"@id\":\"https:\/\/jkpvisoko.ba\/#website\"},\"primaryImageOfPage\":{\"@id\":\"https:\/\/jkpvisoko.ba\/?p=1858#primaryimage\"},\"image\":{\"@id\":\"https:\/\/jkpvisoko.ba\/?p=1858#primaryimage\"},\"thumbnailUrl\":\"https:\/\/jkpvisoko.ba\/wp-content\/uploads\/2021\/03\/Dezinfekcija-e1614767464806.jpg\",\"datePublished\":\"2021-03-03T12:27:53+00:00\",\"dateModified\":\"2021-03-03T12:27:53+00:00\",\"author\":{\"@id\":\"https:\/\/jkpvisoko.ba\/#\/schema\/person\/289ff9e03e2f2dd100fdcb287ad090a0\"},\"breadcrumb\":{\"@id\":\"https:\/\/jkpvisoko.ba\/?p=1858#breadcrumb\"},\"inLanguage\":\"bs-BA\",\"potentialAction\":[{\"@type\":\"ReadAction\",\"target\":[\"https:\/\/jkpvisoko.ba\/?p=1858\"]}]},{\"@type\":\"ImageObject\",\"inLanguage\":\"bs-BA\",\"@id\":\"https:\/\/jkpvisoko.ba\/?p=1858#primaryimage\",\"url\":\"https:\/\/jkpvisoko.ba\/wp-content\/uploads\/2021\/03\/Dezinfekcija-e1614767464806.jpg\",\"contentUrl\":\"https:\/\/jkpvisoko.ba\/wp-content\/uploads\/2021\/03\/Dezinfekcija-e1614767464806.jpg\",\"width\":1342,\"height\":909},{\"@type\":\"BreadcrumbList\",\"@id\":\"https:\/\/jkpvisoko.ba\/?p=1858#breadcrumb\",\"itemListElement\":[{\"@type\":\"ListItem\",\"position\":1,\"name\":\"Home\",\"item\":\"https:\/\/jkpvisoko.ba\/\"},{\"@type\":\"ListItem\",\"position\":2,\"name\":\"U \u010detvrtak (4.3.2021.g) po\u010dinje preventivna dezinfekcija u svim zgradama na podru\u010dju grada Visoko\"}]},{\"@type\":\"WebSite\",\"@id\":\"https:\/\/jkpvisoko.ba\/#website\",\"url\":\"https:\/\/jkpvisoko.ba\/\",\"name\":\"JKP Visoko\",\"description\":\"Zvani\u010dna stranica za Javno komunalno preduze\u0107e &quot;Visoko&quot;\",\"potentialAction\":[{\"@type\":\"SearchAction\",\"target\":{\"@type\":\"EntryPoint\",\"urlTemplate\":\"https:\/\/jkpvisoko.ba\/?s={search_term_string}\"},\"query-input\":\"required name=search_term_string\"}],\"inLanguage\":\"bs-BA\"},{\"@type\":\"Person\",\"@id\":\"https:\/\/jkpvisoko.ba\/#\/schema\/person\/289ff9e03e2f2dd100fdcb287ad090a0\",\"name\":\"admin\",\"image\":{\"@type\":\"ImageObject\",\"inLanguage\":\"bs-BA\",\"@id\":\"https:\/\/jkpvisoko.ba\/#\/schema\/person\/image\/\",\"url\":\"https:\/\/secure.gravatar.com\/avatar\/51dc85efe0b9f2819363dbf9eb412f5726cea09c1fb00543cd17fff9a9dbd7b2?s=96&d=mm&r=g\",\"contentUrl\":\"https:\/\/secure.gravatar.com\/avatar\/51dc85efe0b9f2819363dbf9eb412f5726cea09c1fb00543cd17fff9a9dbd7b2?s=96&d=mm&r=g\",\"caption\":\"admin\"},\"url\":\"https:\/\/jkpvisoko.ba\/?author=2\"}]}<\/script>\n<!-- \/ Yoast SEO plugin. -->","yoast_head_json":{"title":"U \u010detvrtak (4.3.2021.g) po\u010dinje preventivna dezinfekcija u svim zgradama na podru\u010dju grada Visoko - JKP Visoko","robots":{"index":"index","follow":"follow","max-snippet":"max-snippet:-1","max-image-preview":"max-image-preview:large","max-video-preview":"max-video-preview:-1"},"canonical":"https:\/\/jkpvisoko.ba\/?p=1858","og_locale":"bs_BA","og_type":"article","og_title":"U \u010detvrtak (4.3.2021.g) po\u010dinje preventivna dezinfekcija u svim zgradama na podru\u010dju grada Visoko - JKP Visoko","og_description":"Usljed pogor\u0161anja epidemiolo\u0161ke situacije u gradu Visoko, te po preporuci Civilne za\u0161tite Grada Visoko, JKP \u201cVISOKO\u201c d.o.o. Visoko, odnosno Slu\u017eba za poslove stambenog upraviteljstva i odr\u017eavanje objekata realizovat \u0107e preventivnu dezinfekciju u svim zgradama na podru\u010dju grada Visoko, iz razloga \u0161to je u pojedinim zgradama pove\u0107an broj oboljelih. Realizacija preventivne dezinfekcije u svim zgradama na [&hellip;]","og_url":"https:\/\/jkpvisoko.ba\/?p=1858","og_site_name":"JKP Visoko","article_published_time":"2021-03-03T12:27:53+00:00","og_image":[{"width":1342,"height":909,"url":"https:\/\/jkpvisoko.ba\/wp-content\/uploads\/2021\/03\/Dezinfekcija-e1614767464806.jpg","type":"image\/jpeg"}],"author":"admin","twitter_card":"summary_large_image","twitter_misc":{"Written by":"admin","Est. reading time":"1 minuta"},"schema":{"@context":"https:\/\/schema.org","@graph":[{"@type":"WebPage","@id":"https:\/\/jkpvisoko.ba\/?p=1858","url":"https:\/\/jkpvisoko.ba\/?p=1858","name":"U \u010detvrtak (4.3.2021.g) po\u010dinje preventivna dezinfekcija u svim zgradama na podru\u010dju grada Visoko - JKP Visoko","isPartOf":{"@id":"https:\/\/jkpvisoko.ba\/#website"},"primaryImageOfPage":{"@id":"https:\/\/jkpvisoko.ba\/?p=1858#primaryimage"},"image":{"@id":"https:\/\/jkpvisoko.ba\/?p=1858#primaryimage"},"thumbnailUrl":"https:\/\/jkpvisoko.ba\/wp-content\/uploads\/2021\/03\/Dezinfekcija-e1614767464806.jpg","datePublished":"2021-03-03T12:27:53+00:00","dateModified":"2021-03-03T12:27:53+00:00","author":{"@id":"https:\/\/jkpvisoko.ba\/#\/schema\/person\/289ff9e03e2f2dd100fdcb287ad090a0"},"breadcrumb":{"@id":"https:\/\/jkpvisoko.ba\/?p=1858#breadcrumb"},"inLanguage":"bs-BA","potentialAction":[{"@type":"ReadAction","target":["https:\/\/jkpvisoko.ba\/?p=1858"]}]},{"@type":"ImageObject","inLanguage":"bs-BA","@id":"https:\/\/jkpvisoko.ba\/?p=1858#primaryimage","url":"https:\/\/jkpvisoko.ba\/wp-content\/uploads\/2021\/03\/Dezinfekcija-e1614767464806.jpg","contentUrl":"https:\/\/jkpvisoko.ba\/wp-content\/uploads\/2021\/03\/Dezinfekcija-e1614767464806.jpg","width":1342,"height":909},{"@type":"BreadcrumbList","@id":"https:\/\/jkpvisoko.ba\/?p=1858#breadcrumb","itemListElement":[{"@type":"ListItem","position":1,"name":"Home","item":"https:\/\/jkpvisoko.ba\/"},{"@type":"ListItem","position":2,"name":"U \u010detvrtak (4.3.2021.g) po\u010dinje preventivna dezinfekcija u svim zgradama na podru\u010dju grada Visoko"}]},{"@type":"WebSite","@id":"https:\/\/jkpvisoko.ba\/#website","url":"https:\/\/jkpvisoko.ba\/","name":"JKP Visoko","description":"Zvani\u010dna stranica za Javno komunalno preduze\u0107e &quot;Visoko&quot;","potentialAction":[{"@type":"SearchAction","target":{"@type":"EntryPoint","urlTemplate":"https:\/\/jkpvisoko.ba\/?s={search_term_string}"},"query-input":"required name=search_term_string"}],"inLanguage":"bs-BA"},{"@type":"Person","@id":"https:\/\/jkpvisoko.ba\/#\/schema\/person\/289ff9e03e2f2dd100fdcb287ad090a0","name":"admin","image":{"@type":"ImageObject","inLanguage":"bs-BA","@id":"https:\/\/jkpvisoko.ba\/#\/schema\/person\/image\/","url":"https:\/\/secure.gravatar.com\/avatar\/51dc85efe0b9f2819363dbf9eb412f5726cea09c1fb00543cd17fff9a9dbd7b2?s=96&d=mm&r=g","contentUrl":"https:\/\/secure.gravatar.com\/avatar\/51dc85efe0b9f2819363dbf9eb412f5726cea09c1fb00543cd17fff9a9dbd7b2?s=96&d=mm&r=g","caption":"admin"},"url":"https:\/\/jkpvisoko.ba\/?author=2"}]}},"_links":{"self":[{"href":"https:\/\/jkpvisoko.ba\/index.php?rest_route=\/wp\/v2\/posts\/1858","targetHints":{"allow":["GET"]}}],"collection":[{"href":"https:\/\/jkpvisoko.ba\/index.php?rest_route=\/wp\/v2\/posts"}],"about":[{"href":"https:\/\/jkpvisoko.ba\/index.php?rest_route=\/wp\/v2\/types\/post"}],"author":[{"embeddable":true,"href":"https:\/\/jkpvisoko.ba\/index.php?rest_route=\/wp\/v2\/users\/2"}],"replies":[{"embeddable":true,"href":"https:\/\/jkpvisoko.ba\/index.php?rest_route=%2Fwp%2Fv2%2Fcomments&post=1858"}],"version-history":[{"count":2,"href":"https:\/\/jkpvisoko.ba\/index.php?rest_route=\/wp\/v2\/posts\/1858\/revisions"}],"predecessor-version":[{"id":1860,"href":"https:\/\/jkpvisoko.ba\/index.php?rest_route=\/wp\/v2\/posts\/1858\/revisions\/1860"}],"wp:featuredmedia":[{"embeddable":true,"href":"https:\/\/jkpvisoko.ba\/index.php?rest_route=\/wp\/v2\/media\/1857"}],"wp:attachment":[{"href":"https:\/\/jkpvisoko.ba\/index.php?rest_route=%2Fwp%2Fv2%2Fmedia&parent=1858"}],"wp:term":[{"taxonomy":"category","embeddable":true,"href":"https:\/\/jkpvisoko.ba\/index.php?rest_route=%2Fwp%2Fv2%2Fcategories&post=1858"},{"taxonomy":"post_tag","embeddable":true,"href":"https:\/\/jkpvisoko.ba\/index.php?rest_route=%2Fwp%2Fv2%2Ftags&post=1858"}],"curies":[{"name":"wp","href":"https:\/\/api.w.org\/{rel}","templated":true}]}}